{"id":16677,"date":"2024-10-17T16:25:21","date_gmt":"2024-10-17T16:25:21","guid":{"rendered":"https:\/\/amfora.al\/?p=16677"},"modified":"2024-10-17T17:21:24","modified_gmt":"2024-10-17T17:21:24","slug":"the-jews-of-vlora-a-model-of-coexistence","status":"publish","type":"post","link":"https:\/\/amfora.al\/en\/the-jews-of-vlora-a-model-of-coexistence\/","title":{"rendered":"The Jews of Vlora, a model of coexistence"},"content":{"rendered":"\n<p>In contrast to the current geopolitical situation, the Albanians have witnessed an extraordinary history, where the Jews were protected by the Muslims. Their history on our shores begins in the first century of our era, continuing in the Middle Ages and up to the developments of the Second World War.<\/p>\n\n\n\n<p>In Vlora they left deep traces and had a large community, so that in 1520, out of about 4,000 inhabitants of the city, more than 2,700 were Jews.<\/p>\n\n\n\n<figure class=\"wp-block-embed aligncenter is-type-video is-provider-youtube wp-block-embed-youtube wp-embed-aspect-16-9 wp-has-aspect-ratio\"><div class=\"wp-block-embed__wrapper\">\n<iframe loading=\"lazy\" title=\"The Jews of Vlora, a model of coexistence - Episode #30\" width=\"500\" height=\"281\" src=\"https:\/\/www.youtube.com\/embed\/Q9_w__PJVtM?feature=oembed\" frameborder=\"0\" allow=\"accelerometer; autoplay; clipboard-write; encrypted-media; gyroscope; picture-in-picture; web-share\" referrerpolicy=\"strict-origin-when-cross-origin\" allowfullscreen><\/iframe>\n<\/div><figcaption><em> &#8220;Culture in 1 Minute&#8221; &#8211; Episode <\/em>30<\/figcaption><\/figure>\n\n\n\n<p>The Jews of Vlora built a synagogue there and today their toponymy is still preserved in the city. Learn more about the model coexistence they built in Vlora, through the memories in the video above, of Sk\u00ebnder Spahiu, currently director of Local Museums in Vlora, which also tells about the museum project that will present their history in Albania.<\/p>\n\n\n\n<p class=\"has-white-color has-text-color has-background\" style=\"background-color:#ffa932\"><strong><strong><strong>Video team:<\/strong><\/strong><\/strong><\/p>\n\n\n\n<p>Producer and narrator: Geri Emiri<\/p>\n\n\n\n<p>Historical information: Dorian Hatibi<\/p>\n\n\n\n<p>Video-Production: Arlind Veshti<\/p>\n\n\n\n<p class=\"has-white-color has-text-color has-background\" style=\"background-color:#ffa932\"><strong>References:<\/strong><\/p>\n\n\n\n<ol class=\"wp-block-list\"><li>Jakoel&nbsp;Josef.&nbsp;Izraelit\u00ebt&nbsp;n\u00eb&nbsp;Shqip\u00ebri.&nbsp;Tiran\u00eb&nbsp;2020;<\/li><\/ol>\n\n\n\n<p>2. Grup\u00a0Autor\u00ebsh.\u00a0Fjalori\u00a0Enciklopedik\u00a0Shqiptar.\u00a0Tiran\u00eb\u00a02008;<\/p>\n\n\n\n<p>3. Nika\u00a0Nevila.\u00a0<em>Jews\u00a0in\u00a0the\u00a0central\u00a0state\u00a0archive<\/em>.\u00a0Tiran\u00eb 2016.<\/p>\n","protected":false},"excerpt":{"rendered":"<p>\u201cCulture in 1 Minute\u201d \u2013 Episode 30.<\/p>\n","protected":false},"author":4,"featured_media":16678,"comment_status":"open","ping_status":"open","sticky":false,"template":"","format":"standard","meta":{"_acf_changed":false,"give_campaign_id":0,"footnotes":""},"categories":[3899,4301,4303],"tags":[4511,4393,4395,4550,5809,5807,5811,4398,5810,5542,5808],"class_list":["post-16677","post","type-post","status-publish","format-standard","has-post-thumbnail","hentry","category-culture-in-1-minute-en","category-gallery-en","category-videogallery-en","tag-albania-3","tag-amfora-3","tag-amfora-media-2","tag-amfora-al-3","tag-jews","tag-jews-in-albania","tag-jews-war","tag-media-amfora-2","tag-second-world-war","tag-sustain-media-2","tag-the-jews-of-vlora"],"acf":[],"aioseo_notices":[],"formatted_date":"17 October 2024","_links":{"self":[{"href":"https:\/\/amfora.al\/en\/wp-json\/wp\/v2\/posts\/16677","targetHints":{"allow":["GET"]}}],"collection":[{"href":"https:\/\/amfora.al\/en\/wp-json\/wp\/v2\/posts"}],"about":[{"href":"https:\/\/amfora.al\/en\/wp-json\/wp\/v2\/types\/post"}],"author":[{"embeddable":true,"href":"https:\/\/amfora.al\/en\/wp-json\/wp\/v2\/users\/4"}],"replies":[{"embeddable":true,"href":"https:\/\/amfora.al\/en\/wp-json\/wp\/v2\/comments?post=16677"}],"version-history":[{"count":5,"href":"https:\/\/amfora.al\/en\/wp-json\/wp\/v2\/posts\/16677\/revisions"}],"predecessor-version":[{"id":16685,"href":"https:\/\/amfora.al\/en\/wp-json\/wp\/v2\/posts\/16677\/revisions\/16685"}],"wp:featuredmedia":[{"embeddable":true,"href":"https:\/\/amfora.al\/en\/wp-json\/wp\/v2\/media\/16678"}],"wp:attachment":[{"href":"https:\/\/amfora.al\/en\/wp-json\/wp\/v2\/media?parent=16677"}],"wp:term":[{"taxonomy":"category","embeddable":true,"href":"https:\/\/amfora.al\/en\/wp-json\/wp\/v2\/categories?post=16677"},{"taxonomy":"post_tag","embeddable":true,"href":"https:\/\/amfora.al\/en\/wp-json\/wp\/v2\/tags?post=16677"}],"curies":[{"name":"wp","href":"https:\/\/api.w.org\/{rel}","templated":true}]}}