{"id":12334,"date":"2022-05-05T11:39:56","date_gmt":"2022-05-05T11:39:56","guid":{"rendered":"https:\/\/www.amfora.al\/?p=10729"},"modified":"2023-01-08T14:18:42","modified_gmt":"2023-01-08T14:18:42","slug":"the-communist-relics-keep-or-remove-them","status":"publish","type":"post","link":"https:\/\/amfora.al\/en\/the-communist-relics-keep-or-remove-them\/","title":{"rendered":"The &#8220;Communist&#8221; Relics: Keep or remove them?"},"content":{"rendered":"\n<h4 class=\"wp-block-heading\">Introduction <\/h4>\n\n\n\n<p>Albania used to be one of the isolated countries in the world. From 1967-1986, 170 thousand of bunkers were constructed in all over Albania, and in every corner of street there would be seen memorials from World War II and past stories.<\/p>\n\n\n\n<p>It has been already one of the main topics that has been talking in Albania, since the fall of communism. Nowadays, some bunkers are transformed as restaurants, churches, museums, homes and few of them are protected from the government. About the other relics, such as the World War II memorials and the representation of Qemal Stafa, are being abandoned and sacked from the people.<\/p>\n\n\n\n<figure class=\"wp-block-image\"><img decoding=\"async\" src=\"https:\/\/i.natgeofe.com\/n\/0fb825ac-d966-45c1-b4ce-eda2cb2f8192\/bunker-albania-11_square.jpg\" alt=\"\"\/><figcaption>On the edge of Lake Ohrid, a Greek Orthodox shrine hides inside a bunker in Lin. Cited from National Geographic. <\/figcaption><\/figure>\n\n\n\n<h4 class=\"wp-block-heading\">Qemal Stafa, hero or liar?<\/h4>\n\n\n\n<p>Qemal Stafa is one of the mysterious heroes during the World War II in Albania. He was one of the leaders of the Youth Organization in the Communist Party of Albania, since November 1941-May 1942. Firstly, he was known to be imprisoned in 1938-1939, because he was suspected to be a communist from the group of Elbasan.  <\/p>\n\n\n\n<figure class=\"wp-block-image\"><img decoding=\"async\" src=\"https:\/\/55news.al\/media\/k2\/items\/cache\/536065303b6e0a361f01af3bef95210f_XL.jpg\" alt=\"1938\/Qemal Stafa i qeshur n\u00eb burgun e regjimit zogist dhe fotoja e  manipuluar\"\/><figcaption>The original photo of Qemal Stafa in the prison of Elbasan and in the second, the falsified photo in the books published during the Communist period. Cited from 55 News. <\/figcaption><\/figure>\n\n\n\n<p>During the war, he was well-known with the heroic day of May 5th, 1942. During a battle with the Italians, he was killed or suicided himself in the periphery of Tirana. Now the history gets interesting if he was a hero or a liar. <\/p>\n\n\n\n<p>56 years later, Drita Kosturi, the girlfriend of Qemal, told in 1998 during an interview in magazine &#8220;Klan&#8221; that he suicided himself, in order to let save his friends that were trapped from the Italian police. After he committed suicide, his friends were not saved from him and were captured. While the communist historiography and some of his friends that were with him tell the second version that Qemal fought by himself against the police and then, he was killed around the lunchtime. <\/p>\n\n\n\n<figure class=\"wp-block-image size-large\"><img decoding=\"async\" src=\"https:\/\/www.amfora.al\/wp-content\/uploads\/2022\/05\/Screenshot-464-1024x576.png\" alt=\"\" class=\"wp-image-10753\"\/><figcaption>The memorial of Qemal Stafa, located near the hospital of Tirana. Cited from Google Maps.<\/figcaption><\/figure>\n\n\n\n<p>Today, academics and witnesses have talked less about his figure. Since 1942, the historiography has been considered him as one of the main heroes of World War II. But his memorial where he was killed was sacked from the new owners that migrated there in the 1990-2000 era, and his figure is not studied well in the Albanian historiography. In the future, there should be further studies about his story.<\/p>\n\n\n\n<h4 class=\"wp-block-heading\">The question of the bunkers<\/h4>\n\n\n\n<p>Moreover, Albania was known in the construction of 170 thousand of bunkers in all its territory. The bunkers were served in the plan of &#8220;bunkerization of Albania&#8221; from Enver Hoxha and the protection of the country from an imaginary invasion from a NATO country, Warsaw Pact country, Romania or Yugoslavia. <\/p>\n\n\n\n<div class=\"wp-block-image\"><figure class=\"aligncenter\"><img decoding=\"async\" src=\"https:\/\/upload.wikimedia.org\/wikipedia\/commons\/e\/e1\/Albania_bunkers.jpg?20060307110605\" alt=\"File:Albania bunkers.jpg\"\/><figcaption>Bunkers in Albania, photo captured in 2006. Cited from Wikimedia Commons.<\/figcaption><\/figure><\/div>\n\n\n\n<p>After the fall of communism in Albania in 1991, the Albanian people, however, are resourceful by nature, and are transforming bunkers in entertaining places. From above, the turreted bunkers appear to be braille characters strewn across the landscape. Expect from this way, the people decided to sack the bunkers in order to forget the past from the Communist period. <\/p>\n\n\n\n<p>In Tirana, two main bunker bases (one near center and in periphery) are transformed as museums of memory in which Albanians and tourists can delve into a regime&#8217;s secrets and bring the past and suffering of a people back to life. In the coming times, the Albanian government should pay attention in the rehabilitation of some bunkers, in order to seek people in an occasion of war.<\/p>\n\n\n\n<h4 class=\"wp-block-heading\">The condition of the Albanian memorials<\/h4>\n\n\n\n<p>Expect from the bunkers and the question of May 5th, Albania has 700 memorials, fluently dedicated to the events that happened during World War II and Interwar period. These monuments are found popularly in Albania, such as in villages and periphery of big cities.<\/p>\n\n\n\n<div class=\"wp-block-image\"><figure class=\"aligncenter\"><img decoding=\"async\" src=\"http:\/\/photos.wikimapia.org\/p\/00\/01\/25\/03\/50_big.jpg\" alt=\"Lapidari n\u00eb Pez\u00eb (Shqip)\"\/><figcaption>The memorial of the battle of Peza, happened in 1942. Cited from Wikimapia.org<\/figcaption><\/figure><\/div>\n\n\n\n<p>After the 1990&#8217;s, the sculptures, headstones and monuments already deprived of the historical context and ideology that built them, have been swallowed up by the urban or natural landscape, forgotten and abandoned by the locals. <\/p>\n\n\n\n<p>In 2014, the Ministry of Culture planned on the restauration of the memorials, but the plan failed, due that in Albania did not exist a law to protect these monuments. Aftermath, some of these monuments were painted in white, scripts were damaged such as in the Memorial of Artillery in Tirana and the destruction of the memorial of Shyqyri Ishmi and Muhamet Gjollesha.<\/p>\n\n\n\n<h4 class=\"wp-block-heading\">Conclusion<\/h4>\n\n\n\n<p>In conclusion, Albania and its government are having difficulties in resolving the question of the communist relics, after 30 years of pluralism.  If this question could have been discussed since the beginning of 1990&#8217;s, the conditions of the monuments today could have been very different.  <\/p>\n\n\n\n<p>Question of &#8220;communist&#8221; memorials, the story of May 5th and the question of bunkers will put more difficulties in the question of the modern cultural and historical heritage in Albania in further future. If any law about the protection of bunkers and communist memorials will be approved in the future and there will be any research in the future, it will be no late that the communist history could be resolved in Albania. <\/p>\n\n\n\n<h4 class=\"wp-block-heading\"><em>References<\/em> <\/h4>\n\n\n\n<p>Crevar, Alex. \u201cInside Albania&#8217;s Forgotten Military Bunkers.\u201d <em>National Geographic<\/em>, National Geographic, 3 May 2021, www.nationalgeographic.com\/travel\/article\/photos-forgotten-military-bunkers. Accessed on 4 May 2022. <\/p>\n\n\n\n<p>Dervishi , Kastriot. \u201c1938\/Qemal Stafa I Qeshur N\u00eb Burgun E Regjimit Zogist Dhe Fotoja E Manipuluar.\u201d <em>55 News<\/em>, 4 May 2020, 55news.al\/dossier\/item\/244725-1938-qemal-stafa-i-qeshur-ne-burgun-e-regjimit-zogist-dhe-fotoja-e-manipuluar. Accessed on 4 May 2022.<\/p>\n\n\n\n<p>Muraci, Aranit. &#8220;A duheshin prishur bunker\u00ebt e Enverit? Italian\u00ebt paguajn\u00eb deri n\u00eb 85 mij\u00eb euro p\u00ebr nj\u00eb t\u00eb till\u00eb.&#8221; <em>Tema<\/em>, 4 March 2022, https:\/\/www.gazetatema.net\/2022\/03\/04\/a-duheshin-prishur-bunkeret-e-enverit-italianet-paguajne-deri-ne-85-mije-euro-per-nje-te-tille\/. Accessed on 4 May 2022. <\/p>\n\n\n\n<p>Observatori. \u201cMonumente Dhe Lapidar\u00eb T\u00eb Fshehur N\u00ebn Bronze Ideologjike.\u201d <em>Observatori i Kujtes\u00ebs<\/em>, 20 July 2016, www.observatorikujteses.al\/monumente-dhe-lapidare-te-fshehur-nen-bronze-ideologjike\/. Accessed on 4 May 2022. <\/p>\n\n\n\n<p>Oei, Vincent W.J van Gerven Oei. &#8220;Jo t\u00eb gjith\u00eb restaurimet e lapidar\u00ebve jan\u00eb si t\u00eb Ministres Kumbaro.&#8221; <em>Exit News,<\/em> 8 May 2017, https:\/\/exit.al\/jo-te-gjithe-restaurimet-e-lapidareve-jane-si-te-ministres-kumbaro\/. Accessed on 5 May 2022.<\/p>\n\n\n\n<p>Television, Klan. \u201cOpinion &#8211; Si U Vra Qemal Stafa? (5 Maj 2014) &#8211; Youtube.\u201d <em>Youtube<\/em>, Klan Television , 6 May 2014, www.youtube.com\/watch?v=TFb5D7JWbnU. Accessed on 4 May 2022. <\/p>\n","protected":false},"excerpt":{"rendered":"<p>Introduction Albania used to be one of the isolated countries in the world. From 1967-1986, 170 thousand of bunkers were constructed in all over Albania, and in every corner of street there would be seen memorials from World War II and past stories. It has been already one of the main topics that has been &hellip; <a href=\"https:\/\/amfora.al\/en\/the-communist-relics-keep-or-remove-them\/\">Continued<\/a><\/p>\n","protected":false},"author":89,"featured_media":12473,"comment_status":"open","ping_status":"open","sticky":false,"template":"","format":"standard","meta":{"_acf_changed":false,"give_campaign_id":0,"footnotes":""},"categories":[3896],"tags":[],"class_list":["post-12334","post","type-post","status-publish","format-standard","has-post-thumbnail","hentry","category-blog-en"],"acf":[],"aioseo_notices":[],"formatted_date":"5 May 2022","_links":{"self":[{"href":"https:\/\/amfora.al\/en\/wp-json\/wp\/v2\/posts\/12334","targetHints":{"allow":["GET"]}}],"collection":[{"href":"https:\/\/amfora.al\/en\/wp-json\/wp\/v2\/posts"}],"about":[{"href":"https:\/\/amfora.al\/en\/wp-json\/wp\/v2\/types\/post"}],"author":[{"embeddable":true,"href":"https:\/\/amfora.al\/en\/wp-json\/wp\/v2\/users\/89"}],"replies":[{"embeddable":true,"href":"https:\/\/amfora.al\/en\/wp-json\/wp\/v2\/comments?post=12334"}],"version-history":[{"count":3,"href":"https:\/\/amfora.al\/en\/wp-json\/wp\/v2\/posts\/12334\/revisions"}],"predecessor-version":[{"id":12902,"href":"https:\/\/amfora.al\/en\/wp-json\/wp\/v2\/posts\/12334\/revisions\/12902"}],"wp:featuredmedia":[{"embeddable":true,"href":"https:\/\/amfora.al\/en\/wp-json\/wp\/v2\/media\/12473"}],"wp:attachment":[{"href":"https:\/\/amfora.al\/en\/wp-json\/wp\/v2\/media?parent=12334"}],"wp:term":[{"taxonomy":"category","embeddable":true,"href":"https:\/\/amfora.al\/en\/wp-json\/wp\/v2\/categories?post=12334"},{"taxonomy":"post_tag","embeddable":true,"href":"https:\/\/amfora.al\/en\/wp-json\/wp\/v2\/tags?post=12334"}],"curies":[{"name":"wp","href":"https:\/\/api.w.org\/{rel}","templated":true}]}}